{"id":50552,"date":"2015-11-19T22:57:38","date_gmt":"2015-11-19T21:57:38","guid":{"rendered":"http:\/\/cla.unipv.it\/?p=50552"},"modified":"2015-11-19T22:57:38","modified_gmt":"2015-11-19T21:57:38","slug":"50552","status":"publish","type":"post","link":"https:\/\/cla.unipv.it\/?p=50552","title":{"rendered":""},"content":{"rendered":"<h3>AVVISO Dott.ssa I. Averina<\/h3>\n<p>DIPARTIMENTO DI STUDI UMANISTICI<br \/>\nCorso di Laurea in Lingue e Culture Moderne<br \/>\nAttivit\u00e0 CEL di <b> LINGUA RUSSA 1 <\/b><br \/>\n1\u00b0 semestre <\/p>\n<p>Si avvisano gli studenti che l&#8217;attivit\u00e0 didattica integrativa in aula Di venerd\u00ec 20 novembre 2015 \u00e8  sospesa e sar\u00e0 recuperata<\/p>\n","protected":false},"excerpt":{"rendered":"<p>AVVISO Dott.ssa I. Averina DIPARTIMENTO DI STUDI UMANISTICI Corso di Laurea in Lingue e Culture Moderne Attivit\u00e0 CEL di LINGUA RUSSA 1 1\u00b0 semestre Si avvisano gli studenti che l&#8217;attivit\u00e0 didattica integrativa in aula Di venerd\u00ec 20 novembre 2015 \u00e8 sospesa e sar\u00e0 recuperata<\/p>\n","protected":false},"author":14,"featured_media":0,"comment_status":"closed","ping_status":"open","sticky":false,"template":"","format":"standard","meta":[],"categories":[17],"tags":[],"_links":{"self":[{"href":"https:\/\/cla.unipv.it\/index.php?rest_route=\/wp\/v2\/posts\/50552"}],"collection":[{"href":"https:\/\/cla.unipv.it\/index.php?rest_route=\/wp\/v2\/posts"}],"about":[{"href":"https:\/\/cla.unipv.it\/index.php?rest_route=\/wp\/v2\/types\/post"}],"author":[{"embeddable":true,"href":"https:\/\/cla.unipv.it\/index.php?rest_route=\/wp\/v2\/users\/14"}],"replies":[{"embeddable":true,"href":"https:\/\/cla.unipv.it\/index.php?rest_route=%2Fwp%2Fv2%2Fcomments&post=50552"}],"version-history":[{"count":1,"href":"https:\/\/cla.unipv.it\/index.php?rest_route=\/wp\/v2\/posts\/50552\/revisions"}],"predecessor-version":[{"id":50553,"href":"https:\/\/cla.unipv.it\/index.php?rest_route=\/wp\/v2\/posts\/50552\/revisions\/50553"}],"wp:attachment":[{"href":"https:\/\/cla.unipv.it\/index.php?rest_route=%2Fwp%2Fv2%2Fmedia&parent=50552"}],"wp:term":[{"taxonomy":"category","embeddable":true,"href":"https:\/\/cla.unipv.it\/index.php?rest_route=%2Fwp%2Fv2%2Fcategories&post=50552"},{"taxonomy":"post_tag","embeddable":true,"href":"https:\/\/cla.unipv.it\/index.php?rest_route=%2Fwp%2Fv2%2Ftags&post=50552"}],"curies":[{"name":"wp","href":"https:\/\/api.w.org\/{rel}","templated":true}]}}