{"id":50085,"date":"2015-10-20T08:39:39","date_gmt":"2015-10-20T06:39:39","guid":{"rendered":"http:\/\/cla.unipv.it\/?p=50085"},"modified":"2015-10-20T08:39:39","modified_gmt":"2015-10-20T06:39:39","slug":"50085","status":"publish","type":"post","link":"https:\/\/cla.unipv.it\/?p=50085","title":{"rendered":""},"content":{"rendered":"<h3>AVVISO Dott.ssa T. Manconi<\/h3>\n<p>DIPARTIMENTO DI STUDI UMANISTICI<br \/>\nCorso di Laurea in Lingue e Culture Moderne<br \/>\nAttivit\u00e0 CEL di <b> LINGUA FRANCESE 3 <\/b><br \/>\n1\u00b0 semestre <\/p>\n<p>Si avvisano gli studenti che l&#8217;attivit\u00e0 didattica integrativa in aula del mercoled\u00ec, ore 14-16 (Phon\u00e9tique 3 &#8211; gruppo 1) si svolger\u00e0 a partire dal 21 ottobre 2015, nell&#8217;aula CL3. Gli studenti che frequentano Tedesco 1A (Dott.ssa Fremdling) si recheranno nell&#8217;aula CL2. Le attivit\u00e0 del III anno della Dott.ssa Averina si svolgeranno, pertanto, ancora in aula SMU.<\/p>\n","protected":false},"excerpt":{"rendered":"<p>AVVISO Dott.ssa T. Manconi DIPARTIMENTO DI STUDI UMANISTICI Corso di Laurea in Lingue e Culture Moderne Attivit\u00e0 CEL di LINGUA FRANCESE 3 1\u00b0 semestre Si avvisano gli studenti che l&#8217;attivit\u00e0 didattica integrativa in aula del mercoled\u00ec, ore 14-16 (Phon\u00e9tique 3 &#8211; gruppo 1) si svolger\u00e0 a partire dal 21 ottobre 2015, nell&#8217;aula CL3. Gli studenti&#8230;<\/p>\n","protected":false},"author":14,"featured_media":0,"comment_status":"closed","ping_status":"open","sticky":false,"template":"","format":"standard","meta":[],"categories":[17],"tags":[],"_links":{"self":[{"href":"https:\/\/cla.unipv.it\/index.php?rest_route=\/wp\/v2\/posts\/50085"}],"collection":[{"href":"https:\/\/cla.unipv.it\/index.php?rest_route=\/wp\/v2\/posts"}],"about":[{"href":"https:\/\/cla.unipv.it\/index.php?rest_route=\/wp\/v2\/types\/post"}],"author":[{"embeddable":true,"href":"https:\/\/cla.unipv.it\/index.php?rest_route=\/wp\/v2\/users\/14"}],"replies":[{"embeddable":true,"href":"https:\/\/cla.unipv.it\/index.php?rest_route=%2Fwp%2Fv2%2Fcomments&post=50085"}],"version-history":[{"count":1,"href":"https:\/\/cla.unipv.it\/index.php?rest_route=\/wp\/v2\/posts\/50085\/revisions"}],"predecessor-version":[{"id":50086,"href":"https:\/\/cla.unipv.it\/index.php?rest_route=\/wp\/v2\/posts\/50085\/revisions\/50086"}],"wp:attachment":[{"href":"https:\/\/cla.unipv.it\/index.php?rest_route=%2Fwp%2Fv2%2Fmedia&parent=50085"}],"wp:term":[{"taxonomy":"category","embeddable":true,"href":"https:\/\/cla.unipv.it\/index.php?rest_route=%2Fwp%2Fv2%2Fcategories&post=50085"},{"taxonomy":"post_tag","embeddable":true,"href":"https:\/\/cla.unipv.it\/index.php?rest_route=%2Fwp%2Fv2%2Ftags&post=50085"}],"curies":[{"name":"wp","href":"https:\/\/api.w.org\/{rel}","templated":true}]}}