{"id":50048,"date":"2015-10-01T12:43:06","date_gmt":"2015-10-01T10:43:06","guid":{"rendered":"http:\/\/cla.unipv.it\/?p=50048"},"modified":"2015-10-01T12:43:06","modified_gmt":"2015-10-01T10:43:06","slug":"50048","status":"publish","type":"post","link":"https:\/\/cla.unipv.it\/?p=50048","title":{"rendered":""},"content":{"rendered":"<h3>AVVISO Dott.ssa T. Manconi<\/h3>\n<p>DIPARTIMENTO DI STUDI UMANISTICI<br \/>\nCorso di Laurea in Lingue e Culture Moderne<br \/>\nAttivit\u00e0 CEL di <b> LINGUA FRANCESE 1 <\/b><br \/>\n1\u00b0 semestre <\/p>\n<p>Si avvisano gli studenti che l&#8217;attivit\u00e0 didattica integrativa in aula di questo venerd\u00ec 2 ottobre \u00e8 sospesa per i gruppi 1 e 2 Non principianti, del modulo di Phon\u00e9tique 1, come richiesto dal Corso di laurea in Lingue e Culture moderne, al fine di consentire la partecipazione di tutte le matricole al test di accertamento dei requisiti minimi.<\/p>\n","protected":false},"excerpt":{"rendered":"<p>AVVISO Dott.ssa T. Manconi DIPARTIMENTO DI STUDI UMANISTICI Corso di Laurea in Lingue e Culture Moderne Attivit\u00e0 CEL di LINGUA FRANCESE 1 1\u00b0 semestre Si avvisano gli studenti che l&#8217;attivit\u00e0 didattica integrativa in aula di questo venerd\u00ec 2 ottobre \u00e8 sospesa per i gruppi 1 e 2 Non principianti, del modulo di Phon\u00e9tique 1, come&#8230;<\/p>\n","protected":false},"author":14,"featured_media":0,"comment_status":"closed","ping_status":"open","sticky":false,"template":"","format":"standard","meta":[],"categories":[17],"tags":[],"_links":{"self":[{"href":"https:\/\/cla.unipv.it\/index.php?rest_route=\/wp\/v2\/posts\/50048"}],"collection":[{"href":"https:\/\/cla.unipv.it\/index.php?rest_route=\/wp\/v2\/posts"}],"about":[{"href":"https:\/\/cla.unipv.it\/index.php?rest_route=\/wp\/v2\/types\/post"}],"author":[{"embeddable":true,"href":"https:\/\/cla.unipv.it\/index.php?rest_route=\/wp\/v2\/users\/14"}],"replies":[{"embeddable":true,"href":"https:\/\/cla.unipv.it\/index.php?rest_route=%2Fwp%2Fv2%2Fcomments&post=50048"}],"version-history":[{"count":1,"href":"https:\/\/cla.unipv.it\/index.php?rest_route=\/wp\/v2\/posts\/50048\/revisions"}],"predecessor-version":[{"id":50049,"href":"https:\/\/cla.unipv.it\/index.php?rest_route=\/wp\/v2\/posts\/50048\/revisions\/50049"}],"wp:attachment":[{"href":"https:\/\/cla.unipv.it\/index.php?rest_route=%2Fwp%2Fv2%2Fmedia&parent=50048"}],"wp:term":[{"taxonomy":"category","embeddable":true,"href":"https:\/\/cla.unipv.it\/index.php?rest_route=%2Fwp%2Fv2%2Fcategories&post=50048"},{"taxonomy":"post_tag","embeddable":true,"href":"https:\/\/cla.unipv.it\/index.php?rest_route=%2Fwp%2Fv2%2Ftags&post=50048"}],"curies":[{"name":"wp","href":"https:\/\/api.w.org\/{rel}","templated":true}]}}