{"id":49956,"date":"2015-09-08T11:17:44","date_gmt":"2015-09-08T09:17:44","guid":{"rendered":"http:\/\/cla.unipv.it\/?p=49956"},"modified":"2015-09-08T11:17:44","modified_gmt":"2015-09-08T09:17:44","slug":"49956","status":"publish","type":"post","link":"https:\/\/cla.unipv.it\/?p=49956","title":{"rendered":""},"content":{"rendered":"<h3>AVVISO Dott. H. Haidar<\/h3>\n<p>DIPARTIMENTO DI SCIENZE POLITICHE E SOCIALI<br \/>\nCorso di Laurea in Comunicazione Professionale e Multimedialit\u00e0<br \/>\nAttivit\u00e0 CEL di <b> LINGUA ARABA 1 e 3 <\/b><br \/>\n2\u00b0 semestre <\/p>\n<p>Si avvisano gli studenti che tutte le attivit\u00e0 Ricevimento studenti:<\/p>\n<p>Gioved\u00ec 10 settembre 2015 dalle ore 12 alle ore 15.<\/p>\n<p>Luned\u00ec 14 settembre 2015 dalle ore 12 alle ore 15.<\/p>\n<p>Gioved\u00ec 17 settembre dalle ore 15 alle ore 18.<\/p>\n<p>Luned\u00ec 21 settembre 2015 dalle ore 12 alle ore 15.<\/p>\n","protected":false},"excerpt":{"rendered":"<p>AVVISO Dott. H. Haidar DIPARTIMENTO DI SCIENZE POLITICHE E SOCIALI Corso di Laurea in Comunicazione Professionale e Multimedialit\u00e0 Attivit\u00e0 CEL di LINGUA ARABA 1 e 3 2\u00b0 semestre Si avvisano gli studenti che tutte le attivit\u00e0 Ricevimento studenti: Gioved\u00ec 10 settembre 2015 dalle ore 12 alle ore 15. Luned\u00ec 14 settembre 2015 dalle ore 12&#8230;<\/p>\n","protected":false},"author":14,"featured_media":0,"comment_status":"closed","ping_status":"open","sticky":false,"template":"","format":"standard","meta":[],"categories":[17],"tags":[],"_links":{"self":[{"href":"https:\/\/cla.unipv.it\/index.php?rest_route=\/wp\/v2\/posts\/49956"}],"collection":[{"href":"https:\/\/cla.unipv.it\/index.php?rest_route=\/wp\/v2\/posts"}],"about":[{"href":"https:\/\/cla.unipv.it\/index.php?rest_route=\/wp\/v2\/types\/post"}],"author":[{"embeddable":true,"href":"https:\/\/cla.unipv.it\/index.php?rest_route=\/wp\/v2\/users\/14"}],"replies":[{"embeddable":true,"href":"https:\/\/cla.unipv.it\/index.php?rest_route=%2Fwp%2Fv2%2Fcomments&post=49956"}],"version-history":[{"count":1,"href":"https:\/\/cla.unipv.it\/index.php?rest_route=\/wp\/v2\/posts\/49956\/revisions"}],"predecessor-version":[{"id":49957,"href":"https:\/\/cla.unipv.it\/index.php?rest_route=\/wp\/v2\/posts\/49956\/revisions\/49957"}],"wp:attachment":[{"href":"https:\/\/cla.unipv.it\/index.php?rest_route=%2Fwp%2Fv2%2Fmedia&parent=49956"}],"wp:term":[{"taxonomy":"category","embeddable":true,"href":"https:\/\/cla.unipv.it\/index.php?rest_route=%2Fwp%2Fv2%2Fcategories&post=49956"},{"taxonomy":"post_tag","embeddable":true,"href":"https:\/\/cla.unipv.it\/index.php?rest_route=%2Fwp%2Fv2%2Ftags&post=49956"}],"curies":[{"name":"wp","href":"https:\/\/api.w.org\/{rel}","templated":true}]}}